{"id":652,"date":"2019-03-26T03:08:34","date_gmt":"2019-03-26T03:08:34","guid":{"rendered":"http:\/\/watjidett.de\/?p=652"},"modified":"2021-08-03T03:17:36","modified_gmt":"2021-08-03T03:17:36","slug":"geschmorte-kalbsbaeckchen","status":"publish","type":"post","link":"http:\/\/watjidett.de\/?p=652","title":{"rendered":"Geschmorte Kalbsb\u00e4ckchen"},"content":{"rendered":"\r\n\r\n\r\n<p>f\u00fcr 6 Personen<\/p>\r\n<p>1,5 kg Kalbsbacke<br \/>2-3 EL Oliven\u00f6l<br \/>3 St. M\u00f6hren<br \/>1 bouguet garni (Lauchstange, Thymian, Petersilie, Lorbeerblatt)<br \/>\u00bd l dunkler Kalbsfond<br \/>Rotwein<\/p>\r\n\r\n\r\n\r\n<p>Kalbsb\u00e4ckchen in Rotwein einlegen und \u00fcber Nacht k\u00fchl stellen.<\/p>\r\n\r\n\r\n\r\n<p>Die Fleischst\u00fccke aus dem Rotwein nehmen, mit K\u00fcchenkrepp etwas trocken tupfen und in hei\u00dfem \u00d6l von allen Seiten scharf anbraten, dabei salzen und pfeffern. Die grob gehackten M\u00f6hren, Zwiebeln und das bouguet garni zuf\u00fcgen (umwickeln). Wenn alles sch\u00f6n anged\u00fcnstet ist mit dem Rotwein und dem Kalbsfond auff\u00fcllen, bis das Fleisch bedeckt ist.\u00a0 Auf milder Hitze ca. 2 Stunden schmoren (evtl. etwas Rotwein zusch\u00fctten). Die B\u00e4ckchen aus der Sauce nehmen und zugedeckt bei Seite stellen. Die Gem\u00fcse herausfischen und mit dem Stab-Mixer p\u00fcrieren, wenn n\u00f6tig durch ein Sieb streichen, dem etwas eingekochtem Schmorfond soviel zuf\u00fcgen bis eine sch\u00f6ne Saucenkonsistenz entstanden ist. Die Sauce abschmecken und die B\u00e4ckchen darin erw\u00e4rmen.<\/p>\r\n\r\n\r\n\r\n<p><strong>Minze-Erbsenp\u00fcree<\/strong><\/p>\r\n\r\n\r\n\r\n<p>6 ungesch\u00e4lte Kartoffel<br \/>120 gr Butter<br \/>1 \u00bd Tasse Sahne <br \/>Meersalz<br \/>4 Tassen Erbsen<br \/>4 EL frische Minze, gehackt<\/p>\r\n\r\n\r\n\r\n<p>Die Kartoffel sch\u00e4len,15-20 Min. weich kochen, abgie\u00dfen. In den Topf zur\u00fcckgeben und gut zerstampfen. Den Topf wieder auf die warme Platte stellen, Butter, Sahne und Salz hinzuf\u00fcgen und mit dem Schneebesen glatt schlagen. Das P\u00fcree warm halten. Die Erbsen in der Zwischenzeit in kochendem Wasser ca. 5 Min. weich kochen. Abgie\u00dfen. Erbsen, Minze und ein paar L\u00f6ffel mit dem Stab-Mixer p\u00fcrieren. Die Mischung zum Kartoffelp\u00fcree geben und unter Umr\u00fchren bei schwacher Hitze erw\u00e4rmen.<\/p>\r\n\r\n\r\n\r\n<p>Das Erbsenp\u00fcree auf vorgew\u00e4rmte Teller mit den Kalbsb\u00e4ckchen anrichten.<\/p>\r\n","protected":false},"excerpt":{"rendered":"<p>f\u00fcr 6 Personen 1,5 kg Kalbsbacke2-3 EL Oliven\u00f6l3 St. M\u00f6hren1 bouguet garni (Lauchstange, Thymian, Petersilie,&#8230;<\/p>\n","protected":false},"author":1,"featured_media":5692,"comment_status":"closed","ping_status":"closed","sticky":false,"template":"","format":"standard","meta":{"_jetpack_memberships_contains_paid_content":false,"footnotes":""},"categories":[16,40,13],"tags":[101,29,163,35],"class_list":["post-652","post","type-post","status-publish","format-standard","has-post-thumbnail","hentry","category-hauptgericht","category-kochabend-5","category-rezepte","tag-braucht-zeit","tag-kalb","tag-regional-deutsch","tag-vollmundig"],"jetpack_featured_media_url":"http:\/\/watjidett.de\/wp-content\/uploads\/2019\/03\/Kalb-1.gif","jetpack_sharing_enabled":true,"_links":{"self":[{"href":"http:\/\/watjidett.de\/index.php?rest_route=\/wp\/v2\/posts\/652","targetHints":{"allow":["GET"]}}],"collection":[{"href":"http:\/\/watjidett.de\/index.php?rest_route=\/wp\/v2\/posts"}],"about":[{"href":"http:\/\/watjidett.de\/index.php?rest_route=\/wp\/v2\/types\/post"}],"author":[{"embeddable":true,"href":"http:\/\/watjidett.de\/index.php?rest_route=\/wp\/v2\/users\/1"}],"replies":[{"embeddable":true,"href":"http:\/\/watjidett.de\/index.php?rest_route=%2Fwp%2Fv2%2Fcomments&post=652"}],"version-history":[{"count":5,"href":"http:\/\/watjidett.de\/index.php?rest_route=\/wp\/v2\/posts\/652\/revisions"}],"predecessor-version":[{"id":5699,"href":"http:\/\/watjidett.de\/index.php?rest_route=\/wp\/v2\/posts\/652\/revisions\/5699"}],"wp:featuredmedia":[{"embeddable":true,"href":"http:\/\/watjidett.de\/index.php?rest_route=\/wp\/v2\/media\/5692"}],"wp:attachment":[{"href":"http:\/\/watjidett.de\/index.php?rest_route=%2Fwp%2Fv2%2Fmedia&parent=652"}],"wp:term":[{"taxonomy":"category","embeddable":true,"href":"http:\/\/watjidett.de\/index.php?rest_route=%2Fwp%2Fv2%2Fcategories&post=652"},{"taxonomy":"post_tag","embeddable":true,"href":"http:\/\/watjidett.de\/index.php?rest_route=%2Fwp%2Fv2%2Ftags&post=652"}],"curies":[{"name":"wp","href":"https:\/\/api.w.org\/{rel}","templated":true}]}}