{"id":633,"date":"2019-03-25T20:22:55","date_gmt":"2019-03-25T20:22:55","guid":{"rendered":"http:\/\/watjidett.de\/?p=633"},"modified":"2020-04-25T23:42:19","modified_gmt":"2020-04-25T23:42:19","slug":"tart-tartin","status":"publish","type":"post","link":"http:\/\/watjidett.de\/?p=633","title":{"rendered":"Tart Tartin"},"content":{"rendered":"\r\n\r\n\r\n<p>(Menge reicht f\u00fcr 1 klassische Tartform)<\/p>\r\n\r\n\r\n\r\n<p>f\u00fcr den Belag:<br \/>4-5 \u00c4pfel (am Besten Boskopp)<br \/>200 g Rohrzucker<\/p>\r\n\r\n\r\n\r\n<p>f\u00fcr den Teig:<br \/>pate sabl\u00e9e<br \/>200g Mehl<br \/>3g Salz<br \/>1 E\u00dfl Zucker<br \/>ca.125g S\u00fc\u00dfrahmbutter<br \/>1 Ei<\/p>\r\n\r\n\r\n\r\n<p>In den Teig das Mehl, Messerspitze Salz, E\u00dfl. Zucker und die knetweiche Butter einkneten. Danach das Ei mit drei !! Tropfen Wasser verquirlen (die spinnen, die Gallier) und schnell mit dem Teig verkneten. Danach den Teig zugedeckt f\u00fcr 1h in den K\u00fchlschrank.<br \/>W\u00e4hrenddessen die \u00c4pfel sch\u00e4len und in kleine M\u00f6ndchen aufschneiden. Die Form gut einbuttern, am besten eine Glasform, die \u00c4pfel dicht kreisf\u00f6rmig darin einschichten und noch einige Fl\u00f6ckchen Butter obendrauf verteilen. Den Rohrzucker in einer kleinen Eisenpfanne zum Schmelzen bringen, nicht zu braun aber komplett fl\u00fcssig werden lassen. Alsdann gleichm\u00e4ssig auf die \u00c4pfel giessen. Man wird mit dieser Menge die \u00c4pfel nicht vollst\u00e4ndig bedecken aber das ist egal. Dann den Teig z\u00fcgig rund auswalzen und auf die \u00c4pfel in die Tarteform geben. Vielleicht was andr\u00fccken. Mit einer Gabel mehrfach einstechen. Die Form in den vorgeheizten Backofen geben, Umluft, unteres Drittel, ungef\u00e4hr 180-200\u00b0. Nach 20-30 Minuten herausnehmen und nach max 1min.auf einen Kuchenteller st\u00fcrzen. Bei der Glasform kann man dann gut sehen, welches \u00c4pfelchen kleben bleibt. I.d.R. sind das keine oder nur wenige. Die kann man getrost einzeln &#8222;einretuschieren&#8220;.<\/p>\r\n\r\n\r\n\r\n<p>Fertig, m\u00f6gl. warm essen mit ungezuckerter Sahne.<\/p>\r\n\r\n\r\n\r\n<p>Thats it.<\/p>\r\n","protected":false},"excerpt":{"rendered":"<p>(Menge reicht f\u00fcr 1 klassische Tartform) f\u00fcr den Belag:4-5 \u00c4pfel (am Besten Boskopp)200 g Rohrzucker&#8230;<\/p>\n","protected":false},"author":1,"featured_media":5680,"comment_status":"closed","ping_status":"closed","sticky":false,"template":"","format":"standard","meta":{"_jetpack_memberships_contains_paid_content":false,"footnotes":""},"categories":[15,127,129,39,13,126],"tags":[137,132,70,36,35],"class_list":["post-633","post","type-post","status-publish","format-standard","has-post-thumbnail","hentry","category-dessert","category-fruehling","category-herbst","category-kochabend-4","category-rezepte","category-winter","tag-franzoesisch","tag-fruchtig","tag-gebaeck","tag-suess","tag-vollmundig"],"jetpack_featured_media_url":"http:\/\/watjidett.de\/wp-content\/uploads\/2019\/03\/KIF_2143-2.jpg","jetpack_sharing_enabled":true,"_links":{"self":[{"href":"http:\/\/watjidett.de\/index.php?rest_route=\/wp\/v2\/posts\/633","targetHints":{"allow":["GET"]}}],"collection":[{"href":"http:\/\/watjidett.de\/index.php?rest_route=\/wp\/v2\/posts"}],"about":[{"href":"http:\/\/watjidett.de\/index.php?rest_route=\/wp\/v2\/types\/post"}],"author":[{"embeddable":true,"href":"http:\/\/watjidett.de\/index.php?rest_route=\/wp\/v2\/users\/1"}],"replies":[{"embeddable":true,"href":"http:\/\/watjidett.de\/index.php?rest_route=%2Fwp%2Fv2%2Fcomments&post=633"}],"version-history":[{"count":2,"href":"http:\/\/watjidett.de\/index.php?rest_route=\/wp\/v2\/posts\/633\/revisions"}],"predecessor-version":[{"id":5681,"href":"http:\/\/watjidett.de\/index.php?rest_route=\/wp\/v2\/posts\/633\/revisions\/5681"}],"wp:featuredmedia":[{"embeddable":true,"href":"http:\/\/watjidett.de\/index.php?rest_route=\/wp\/v2\/media\/5680"}],"wp:attachment":[{"href":"http:\/\/watjidett.de\/index.php?rest_route=%2Fwp%2Fv2%2Fmedia&parent=633"}],"wp:term":[{"taxonomy":"category","embeddable":true,"href":"http:\/\/watjidett.de\/index.php?rest_route=%2Fwp%2Fv2%2Fcategories&post=633"},{"taxonomy":"post_tag","embeddable":true,"href":"http:\/\/watjidett.de\/index.php?rest_route=%2Fwp%2Fv2%2Ftags&post=633"}],"curies":[{"name":"wp","href":"https:\/\/api.w.org\/{rel}","templated":true}]}}