{"id":627,"date":"2019-03-25T20:17:51","date_gmt":"2019-03-25T20:17:51","guid":{"rendered":"http:\/\/watjidett.de\/?p=627"},"modified":"2020-04-28T21:55:19","modified_gmt":"2020-04-28T21:55:19","slug":"zuchinibrot","status":"publish","type":"post","link":"http:\/\/watjidett.de\/?p=627","title":{"rendered":"Zuchinibrot"},"content":{"rendered":"\r\n<p>(1 Brot)<\/p>\r\n\r\n\r\n\r\n<p>15 g frische Hefe<br \/>1\/2 Tl Honig<br \/>1 El Oliven\u00f6l<br \/>Salz<br \/>300 g Mehl<br \/>2 junge Zuchini<br \/>2 Zweige Thymian<br \/>2 Stengel Basilikum<br \/>2 Stengel Petersilie<br \/>Backpapier<\/p>\r\n\r\n\r\n\r\n<p>Hefe zerkr\u00fcmeln und mit ca. 180 ml lauwarmen Wasser verr\u00fchren. Mit \u00d6l und 1\/2 Tl Salz zum Mehl geben und gut verkneten. Zugedeckt an einem warmen Ort ca. 1 Std. gehen lassen.<\/p>\r\n\r\n\r\n\r\n<p>Backofen auf 200 Grad vorheizen. Backblech mit Backpapier auslegen. Zuchini waschen, raspeln und gut ausdr\u00fccken. Kr\u00e4uter waschen und ohne grobe Stiele fein hacken. Teig mit Zuchini und Kr\u00e4utern mischen und auf Backblech zu 1 cm dicken Fladen ausrollen. Im Ofen\u00a0 20 &#8211; 25 Minuten backen. Lauwarm servieren.<\/p>\r\n","protected":false},"excerpt":{"rendered":"<p>(1 Brot) 15 g frische Hefe1\/2 Tl Honig1 El Oliven\u00f6lSalz300 g Mehl2 junge Zuchini2 Zweige&#8230;<\/p>\n","protected":false},"author":1,"featured_media":5868,"comment_status":"closed","ping_status":"closed","sticky":false,"template":"","format":"standard","meta":{"_jetpack_memberships_contains_paid_content":false,"footnotes":""},"categories":[22,129,39,18,13,126,17],"tags":[79,70,30],"class_list":["post-627","post","type-post","status-publish","format-standard","has-post-thumbnail","hentry","category-beim-kochen","category-herbst","category-kochabend-4","category-kochabende","category-rezepte","category-winter","category-zwischengang","tag-brot-pizza","tag-gebaeck","tag-vegan"],"jetpack_featured_media_url":"http:\/\/watjidett.de\/wp-content\/uploads\/2019\/03\/Zuchinibrot.jpg","jetpack_sharing_enabled":true,"_links":{"self":[{"href":"http:\/\/watjidett.de\/index.php?rest_route=\/wp\/v2\/posts\/627","targetHints":{"allow":["GET"]}}],"collection":[{"href":"http:\/\/watjidett.de\/index.php?rest_route=\/wp\/v2\/posts"}],"about":[{"href":"http:\/\/watjidett.de\/index.php?rest_route=\/wp\/v2\/types\/post"}],"author":[{"embeddable":true,"href":"http:\/\/watjidett.de\/index.php?rest_route=\/wp\/v2\/users\/1"}],"replies":[{"embeddable":true,"href":"http:\/\/watjidett.de\/index.php?rest_route=%2Fwp%2Fv2%2Fcomments&post=627"}],"version-history":[{"count":2,"href":"http:\/\/watjidett.de\/index.php?rest_route=\/wp\/v2\/posts\/627\/revisions"}],"predecessor-version":[{"id":5686,"href":"http:\/\/watjidett.de\/index.php?rest_route=\/wp\/v2\/posts\/627\/revisions\/5686"}],"wp:featuredmedia":[{"embeddable":true,"href":"http:\/\/watjidett.de\/index.php?rest_route=\/wp\/v2\/media\/5868"}],"wp:attachment":[{"href":"http:\/\/watjidett.de\/index.php?rest_route=%2Fwp%2Fv2%2Fmedia&parent=627"}],"wp:term":[{"taxonomy":"category","embeddable":true,"href":"http:\/\/watjidett.de\/index.php?rest_route=%2Fwp%2Fv2%2Fcategories&post=627"},{"taxonomy":"post_tag","embeddable":true,"href":"http:\/\/watjidett.de\/index.php?rest_route=%2Fwp%2Fv2%2Ftags&post=627"}],"curies":[{"name":"wp","href":"https:\/\/api.w.org\/{rel}","templated":true}]}}