{"id":6269,"date":"2022-04-06T16:59:46","date_gmt":"2022-04-06T16:59:46","guid":{"rendered":"http:\/\/watjidett.de\/?p=6269"},"modified":"2022-04-06T16:59:46","modified_gmt":"2022-04-06T16:59:46","slug":"blumenkohlsalat-mit-haselnuessen","status":"publish","type":"post","link":"http:\/\/watjidett.de\/?p=6269","title":{"rendered":"Blumenkohlsalat mit Haseln\u00fcssen"},"content":{"rendered":"<p>Zutaten:<\/p>\n<p>1 Kopf Blumenkohl ca. 700g, in kleinere R\u00f6schen zerteilt<br \/>\n5 El Oliven\u00f6l<br \/>\n1 Gro\u00dfe Stangensellerie, schr\u00e4g in ca. 0,5cm dicke Scheiben geschnitten insg. 75 g<br \/>\n30g Haseln\u00fcsse<br \/>\n10g Blattpetersilie<br \/>\n50g Granatapfelkerne<br \/>\n1 \/3 TI gemahlener Zimt<br \/>\n1\/3 TI gemahlener Piment<br \/>\n1 El Sherry-Essig<br \/>\n1,5 TI Ahornsirup<br \/>\nSalz &amp; Schwarzer Pfeffer<\/p>\n<p>Backofen 220\u00b0\/ 200\u00b0 UL vorheizen<br \/>\nDen Blumenkohl mit 3 El Oliven\u00f6l, 1\/2 TI Salz und etwas schwarzem Pfeffer vermischen. In einer Auflaufform verteilen und auf der obersten Schiene des Ofens 25-35 min. backen, bis der Kohl gar, bzw. knusprig und goldbraun geworden ist.<br \/>\nIn eine gr. R\u00fchrsch\u00fcssel umf\u00fcllen und zum Abk\u00fchlen beiseite stellen.<br \/>\nDie Backofentemperatur auf 170\u00b0\/150\u00b0 UL heruhterstellen.<br \/>\nDie Haseln\u00fcsse auf einem mit Backpapier ausgelegten Blech ausbreiten und 17 Minuten lang r\u00f6sten.<br \/>\nDie Kerne ein wenig abk\u00fchlen lassen, grob hacken und zusammen mit dem Blumenkohl sowie dem restlichen \u00d6l und den \u00fcbrigen Zutaten in eine Pfanne geben und kurz anbraten. Mit Salz und Pfeffer w\u00fcrzen und bei Raumtemperatur servieren.<\/p>\n","protected":false},"excerpt":{"rendered":"<p>Zutaten: 1 Kopf Blumenkohl ca. 700g, in kleinere R\u00f6schen zerteilt 5 El Oliven\u00f6l 1 Gro\u00dfe&#8230;<\/p>\n","protected":false},"author":1,"featured_media":6330,"comment_status":"open","ping_status":"open","sticky":false,"template":"","format":"standard","meta":{"_jetpack_memberships_contains_paid_content":false,"footnotes":""},"categories":[127,130,129,167,128,14,126,17],"tags":[69,112,77,107],"class_list":["post-6269","post","type-post","status-publish","format-standard","has-post-thumbnail","hentry","category-fruehling","category-geht-zu-jeder-jahreszeit","category-herbst","category-kochabend-61","category-sommer","category-vorspeise","category-winter","category-zwischengang","tag-einfach","tag-italienisch","tag-salat","tag-vegetarisch"],"jetpack_featured_media_url":"http:\/\/watjidett.de\/wp-content\/uploads\/2022\/04\/DSCN0033-scaled.jpg","jetpack_sharing_enabled":true,"_links":{"self":[{"href":"http:\/\/watjidett.de\/index.php?rest_route=\/wp\/v2\/posts\/6269","targetHints":{"allow":["GET"]}}],"collection":[{"href":"http:\/\/watjidett.de\/index.php?rest_route=\/wp\/v2\/posts"}],"about":[{"href":"http:\/\/watjidett.de\/index.php?rest_route=\/wp\/v2\/types\/post"}],"author":[{"embeddable":true,"href":"http:\/\/watjidett.de\/index.php?rest_route=\/wp\/v2\/users\/1"}],"replies":[{"embeddable":true,"href":"http:\/\/watjidett.de\/index.php?rest_route=%2Fwp%2Fv2%2Fcomments&post=6269"}],"version-history":[{"count":2,"href":"http:\/\/watjidett.de\/index.php?rest_route=\/wp\/v2\/posts\/6269\/revisions"}],"predecessor-version":[{"id":6271,"href":"http:\/\/watjidett.de\/index.php?rest_route=\/wp\/v2\/posts\/6269\/revisions\/6271"}],"wp:featuredmedia":[{"embeddable":true,"href":"http:\/\/watjidett.de\/index.php?rest_route=\/wp\/v2\/media\/6330"}],"wp:attachment":[{"href":"http:\/\/watjidett.de\/index.php?rest_route=%2Fwp%2Fv2%2Fmedia&parent=6269"}],"wp:term":[{"taxonomy":"category","embeddable":true,"href":"http:\/\/watjidett.de\/index.php?rest_route=%2Fwp%2Fv2%2Fcategories&post=6269"},{"taxonomy":"post_tag","embeddable":true,"href":"http:\/\/watjidett.de\/index.php?rest_route=%2Fwp%2Fv2%2Ftags&post=6269"}],"curies":[{"name":"wp","href":"https:\/\/api.w.org\/{rel}","templated":true}]}}