{"id":6223,"date":"2021-11-09T15:13:26","date_gmt":"2021-11-09T15:13:26","guid":{"rendered":"http:\/\/watjidett.de\/?p=6223"},"modified":"2022-04-06T17:03:26","modified_gmt":"2022-04-06T17:03:26","slug":"perlgraupenrisotto-mit-gebratenen-jakobsmuscheln","status":"publish","type":"post","link":"http:\/\/watjidett.de\/?p=6223","title":{"rendered":"Pergraupen- risotto mit gebratenen Jakobsmuscheln"},"content":{"rendered":"<p><strong>RISOTTO<\/strong><\/p>\n<p>200 g Perlgraupen<br \/>\n1 Liter Gefl\u00fcgelkonsomme<br \/>\nwenig Salz<\/p>\n<p>Die Perlgraupen in leicht gesalzener Gefl\u00fcgelconsomme weich kochen. In ein Sieb abgie\u00dfen und gut abtropfen lassen. In ein flaches f\u00fcllen, auseinander streichen, abk\u00fchlen lassen und zugedeckt k\u00fchl stellen. Den Sud f\u00fcr eine Suppe oder Sauce weiterverwenden.<\/p>\n<p><strong>PAPRIKAREDUKTION<\/strong><\/p>\n<p>2 rote Paprika<br \/>\n2 Schalotten<br \/>\n1 kl. Chilischote<br \/>\netwas Butter und Oliven\u00f6l<br \/>\n2 dl Sahne<\/p>\n<p>Die Paprika waschen, vierteln und 33 Minuten d\u00e4mpfen. Die Haut abziehen. Die sch\u00f6nsten Paprikast\u00fccke (ca. die H\u00e4lfte) in ca 2-3 cm Rauten schneiden. Auf ein sieb zum abtropfen geben. Den Paprikaabtropffond auffangen. Die Paprikaabschnitte grob w\u00fcrfeln. Die Schalotten pellen und fein w\u00fcrfeln. Die Chilischote halbieren, die Kerne entfernen, fein w\u00fcrfeln.. Die Butter und das Oliven\u00f6l erw\u00e4rmen, darin die Schalotten und die Chiliw\u00fcrfel farblos anschwitzen, die Paprikaabschnitte zuf\u00fcgen. Mit dem Paprikafond und der Sahne abl\u00f6schen, s\u00e4mig reduzieren.. Mit einem Mixstab p\u00fcrieren und durch ein feines Haarsieb passieren, dabei alle Zutaten gut auspressen. Zugedeckt k\u00fchl stellen.<\/p>\n<p><strong>GEM\u00dcSEGARNITUR<\/strong><\/p>\n<p>1 Karotte<br \/>\n1 Stk Knollensellerie<br \/>\n1 Stange Lauchwei\u00df<br \/>\n1 kleine Persilienwurzel<\/p>\n<p>8 &#8211; 12 Jakobsmuscheln<\/p>\n<p>Die Gem\u00fcse putzen, waschen und in ca 1 cm kleine W\u00fcrfel schneiden. Zugedeckt k\u00fchl stellen.<\/p>\n<p>Die Jakobsmuscheln zugedeckt k\u00fchl stellen (je nach Menufolge).<\/p>\n<p><strong>FERTIGSTELLEN UND ANRICHTEN<\/strong><\/p>\n<p>1 EL Butter etwas Oliven\u00f6l<br \/>\ndie Paprikarauten<br \/>\nSalz &amp; Pfeffer aus der M\u00fchle<br \/>\n2 EL geschlagene Sahne<br \/>\n2 EL in feinste R\u00f6llchen<br \/>\ngeschnittenes Schnittlauch<br \/>\netwas Oliven\u00f6l<br \/>\n1 EL Butter<br \/>\n1 Thymianzweig<br \/>\n1 Rosmarinzweig<br \/>\nSalz, Pfeffer aus der M\u00fchle f\u00fcr die Jakobsmuscheln<\/p>\n<p>Kurz vor dem Servieren die Gem\u00fcsew\u00fcrfel in Oliven\u00f6l und aufsch\u00e4umender Butter farblos al dente d\u00fcnsten. Mit der H\u00e4lfte der Paprikasauce abl\u00f6schen. Die Paprikarauten, die Perlgraupen zuf\u00fcgen und erhitzen. Beiseite ziehen und noch soviel Paprikasauce zuf\u00fcgen, bis ein s\u00e4miger Perlgraupenrisotto entsteht. Zum Schlu\u00df die geschlagene Sahne und die Schnittlauchr\u00f6llchen unterheben. Abschmecken.<\/p>\n<p>In der Zwischenzeit das Oliven\u00f6l in einer Pfanne erw\u00e4rmen, den Thymian und Rosmarinzweig und die Butter zuf\u00fcgen und aufsch\u00e4umen lassen. Die Jakobsmuscheln beidseitig braten, w\u00fcrzen. Das Perlgraupenrisotto auf gro\u00dfe hei\u00dfe Teller mittig anrichten und obenauf die Jakobsmuscheln setzen.<\/p>\n","protected":false},"excerpt":{"rendered":"<p>RISOTTO 200 g Perlgraupen 1 Liter Gefl\u00fcgelkonsomme wenig Salz Die Perlgraupen in leicht gesalzener Gefl\u00fcgelconsomme&#8230;<\/p>\n","protected":false},"author":1,"featured_media":6140,"comment_status":"open","ping_status":"open","sticky":false,"template":"","format":"standard","meta":{"_jetpack_memberships_contains_paid_content":false,"footnotes":""},"categories":[130,16,166,14,17],"tags":[101,74],"class_list":["post-6223","post","type-post","status-publish","format-standard","has-post-thumbnail","hentry","category-geht-zu-jeder-jahreszeit","category-hauptgericht","category-kochabend-60","category-vorspeise","category-zwischengang","tag-braucht-zeit","tag-schalentiere"],"jetpack_featured_media_url":"http:\/\/watjidett.de\/wp-content\/uploads\/2021\/11\/20211105_203459-scaled.jpg","jetpack_sharing_enabled":true,"_links":{"self":[{"href":"http:\/\/watjidett.de\/index.php?rest_route=\/wp\/v2\/posts\/6223","targetHints":{"allow":["GET"]}}],"collection":[{"href":"http:\/\/watjidett.de\/index.php?rest_route=\/wp\/v2\/posts"}],"about":[{"href":"http:\/\/watjidett.de\/index.php?rest_route=\/wp\/v2\/types\/post"}],"author":[{"embeddable":true,"href":"http:\/\/watjidett.de\/index.php?rest_route=\/wp\/v2\/users\/1"}],"replies":[{"embeddable":true,"href":"http:\/\/watjidett.de\/index.php?rest_route=%2Fwp%2Fv2%2Fcomments&post=6223"}],"version-history":[{"count":5,"href":"http:\/\/watjidett.de\/index.php?rest_route=\/wp\/v2\/posts\/6223\/revisions"}],"predecessor-version":[{"id":6228,"href":"http:\/\/watjidett.de\/index.php?rest_route=\/wp\/v2\/posts\/6223\/revisions\/6228"}],"wp:featuredmedia":[{"embeddable":true,"href":"http:\/\/watjidett.de\/index.php?rest_route=\/wp\/v2\/media\/6140"}],"wp:attachment":[{"href":"http:\/\/watjidett.de\/index.php?rest_route=%2Fwp%2Fv2%2Fmedia&parent=6223"}],"wp:term":[{"taxonomy":"category","embeddable":true,"href":"http:\/\/watjidett.de\/index.php?rest_route=%2Fwp%2Fv2%2Fcategories&post=6223"},{"taxonomy":"post_tag","embeddable":true,"href":"http:\/\/watjidett.de\/index.php?rest_route=%2Fwp%2Fv2%2Ftags&post=6223"}],"curies":[{"name":"wp","href":"https:\/\/api.w.org\/{rel}","templated":true}]}}