{"id":6032,"date":"2021-07-17T21:49:40","date_gmt":"2021-07-17T21:49:40","guid":{"rendered":"http:\/\/watjidett.de\/?p=6032"},"modified":"2021-11-10T13:14:56","modified_gmt":"2021-11-10T13:14:56","slug":"blanquette-de-veau-bei-heiner","status":"publish","type":"post","link":"http:\/\/watjidett.de\/?p=6032","title":{"rendered":"Blanquette de Veau (a la Heiner)"},"content":{"rendered":"<p>Zubereitung 45 min<\/p>\n<p>Kochzeit 75 min<\/p>\n<p>600 g Kalbfleisch<br \/>\n250 g M\u00f6hren<br \/>\n1 Lauchstange<br \/>\n1 Zwiebel<br \/>\n3 Nelken<br \/>\nJe 5 St\u00e4ngel Petersilie und Thymian<br \/>\n1 Lorbeerblatt<br \/>\n500 ml Kalbsbr\u00fche<br \/>\n50 ml Wei\u00dfwein<br \/>\nSalz und Pfeffer<br \/>\nButter<br \/>\nMehl<br \/>\n2 Eigelb<br \/>\n100 ml Sahne<br \/>\n1 Zitrone<br \/>\n250 g Kartoffeln<\/p>\n<p>Das Fleisch in ca. 3-4 cm gro\u00dfe W\u00fcrfel schneiden. Die M\u00f6hren sch\u00e4len und \u00bd cm d\u00fcnne Scheiben schneiden. Den Lauch s\u00e4ubern und in 1 cm breite\u00a0Scheiben schneiden. Die Zwiebel sch\u00e4len und mit den Nelken \u201espicken\u201c.\u00a0Petersilie, Thymien und Lorbeerblatt zu einem \u201ebouquet garni\u201c binden.<\/p>\n<p>400ml Fleischbr\u00fche mit dem Wein erhitzen und mit Salz und Pfeffer w\u00fcrzen. Gem\u00fcse und Kr\u00e4uter zugeben und einmal aufkochen lassen.\u00a0Den entstandenen Schauf absch\u00f6pfen und alles auf kleiner Stufe 75 min.\u00a0leicht k\u00f6cheln lassen. Sodann Fleisch und Gem\u00fcse aus dem Sud herausheben.\u00a0Zwiebel und bouquet garni entfernen. Den Sud aufheben.<\/p>\n<p>40 g Butter\u00a0erhitzen und 40 g Mehl zugeben und zu einer Mehlschwitze verr\u00fchren.\u00a0Mit soviel Sud aufgie\u00dfen, dass eine ausreichend gebundene Sauce entsteht.\u00a0In die hei\u00dfe Sauce 2 Eigelb und die Sahne verr\u00fchren, aber nicht mehr kochen lassen. Mit Salz und Pfeffer abschmecken. Fleisch und Gem\u00fcse hinzugebe und warmhalten.<\/p>\n<p>Die Champignons s\u00e4ubern und in Spalten schneiden. In Butter braten bis alle Fl\u00fcssigkeit verkocht ist. Mit Salz und Zitronensaft w\u00fcrzen und zuletzt zum Ragout geben. Kartoffeln in Salzwasser kochen. Noch einmal abschmecken und mit den Kartoffeln servieren.<\/p>\n","protected":false},"excerpt":{"rendered":"<p>Zubereitung 45 min Kochzeit 75 min 600 g Kalbfleisch 250 g M\u00f6hren 1 Lauchstange 1&#8230;<\/p>\n","protected":false},"author":1,"featured_media":6033,"comment_status":"open","ping_status":"open","sticky":false,"template":"","format":"standard","meta":{"_jetpack_memberships_contains_paid_content":false,"footnotes":""},"categories":[130,16,158,159],"tags":[101,137,29,75],"class_list":["post-6032","post","type-post","status-publish","format-standard","has-post-thumbnail","hentry","category-geht-zu-jeder-jahreszeit","category-hauptgericht","category-kochabend-59x","category-kochabend-59x-in-arbeit","tag-braucht-zeit","tag-franzoesisch","tag-kalb","tag-klassiker"],"jetpack_featured_media_url":"http:\/\/watjidett.de\/wp-content\/uploads\/2021\/07\/Bild2.jpg","jetpack_sharing_enabled":true,"_links":{"self":[{"href":"http:\/\/watjidett.de\/index.php?rest_route=\/wp\/v2\/posts\/6032","targetHints":{"allow":["GET"]}}],"collection":[{"href":"http:\/\/watjidett.de\/index.php?rest_route=\/wp\/v2\/posts"}],"about":[{"href":"http:\/\/watjidett.de\/index.php?rest_route=\/wp\/v2\/types\/post"}],"author":[{"embeddable":true,"href":"http:\/\/watjidett.de\/index.php?rest_route=\/wp\/v2\/users\/1"}],"replies":[{"embeddable":true,"href":"http:\/\/watjidett.de\/index.php?rest_route=%2Fwp%2Fv2%2Fcomments&post=6032"}],"version-history":[{"count":4,"href":"http:\/\/watjidett.de\/index.php?rest_route=\/wp\/v2\/posts\/6032\/revisions"}],"predecessor-version":[{"id":6262,"href":"http:\/\/watjidett.de\/index.php?rest_route=\/wp\/v2\/posts\/6032\/revisions\/6262"}],"wp:featuredmedia":[{"embeddable":true,"href":"http:\/\/watjidett.de\/index.php?rest_route=\/wp\/v2\/media\/6033"}],"wp:attachment":[{"href":"http:\/\/watjidett.de\/index.php?rest_route=%2Fwp%2Fv2%2Fmedia&parent=6032"}],"wp:term":[{"taxonomy":"category","embeddable":true,"href":"http:\/\/watjidett.de\/index.php?rest_route=%2Fwp%2Fv2%2Fcategories&post=6032"},{"taxonomy":"post_tag","embeddable":true,"href":"http:\/\/watjidett.de\/index.php?rest_route=%2Fwp%2Fv2%2Ftags&post=6032"}],"curies":[{"name":"wp","href":"https:\/\/api.w.org\/{rel}","templated":true}]}}