{"id":5146,"date":"2020-03-10T22:51:59","date_gmt":"2020-03-10T22:51:59","guid":{"rendered":"http:\/\/watjidett.de\/?p=5146"},"modified":"2020-04-25T22:32:14","modified_gmt":"2020-04-25T22:32:14","slug":"feigen-brot","status":"publish","type":"post","link":"http:\/\/watjidett.de\/?p=5146","title":{"rendered":"Feigen-Brot"},"content":{"rendered":"\n<p>700 g Weizenmehl Type 5 50<br>350 g Dinkelvollkornmehl<br>600 ml Wasser<br>14g Hefe<br>19g Meersalz<br>600 g getrocknete Feigen<\/p>\n\n\n\n<p>Zun\u00e4chst die Feigen f\u00fcr 5 Stunden in  Eiswasser einweichen. Alle Zutaten, bis auf die Feigen, im R\u00fchrger\u00e4t zun\u00e4chst 15 Minuten auf Stufe I, dann 7 Minuten auf Stufe II durchkneten. Dann die Fei\u00adgen absch\u00fctten, trockentupfen, in den Teig geben und weitere 3 Minuten auf Stufe I weiterkneten.<\/p>\n\n\n\n<p>Den Teig etwa 30 Minuten ruhen lassen und danach in Portionen von je <br>250 g abteilen und leicht zusammendr\u00fccken. Nach weiteren 30 Minuten Teigruhe die Brotlaibe formen, leicht in Mehl walzen und f\u00fcr 3 Stunden bei etwa 6 \u00b0C k\u00fchlen. Danach die Brotlaibe auf einem Back\u00ad blech arrangieren und angehen lassen. Kurz bevor die Laibe in den Ofen kom\u00ad men mit einem scharfen Messer rauten\u00ad f\u00f6rmig einschneiden.<\/p>\n\n\n\n<p>Bei 220 \u00b0C Ober-\/Unterhitze etwa 18 Mi\u00adnuten backen.<\/p>\n\n\n\n<p><\/p>\n","protected":false},"excerpt":{"rendered":"<p>700 g Weizenmehl Type 5 50350 g Dinkelvollkornmehl600 ml Wasser14g Hefe19g Meersalz600 g getrocknete Feigen&#8230;<\/p>\n","protected":false},"author":1,"featured_media":4890,"comment_status":"open","ping_status":"open","sticky":false,"template":"","format":"standard","meta":{"_jetpack_memberships_contains_paid_content":false,"footnotes":""},"categories":[22,127,130,129,99,13,128,126,17],"tags":[79,135],"class_list":["post-5146","post","type-post","status-publish","format-standard","has-post-thumbnail","hentry","category-beim-kochen","category-fruehling","category-geht-zu-jeder-jahreszeit","category-herbst","category-kochabend-57","category-rezepte","category-sommer","category-winter","category-zwischengang","tag-brot-pizza","tag-spanisch"],"jetpack_featured_media_url":"http:\/\/watjidett.de\/wp-content\/uploads\/2019\/12\/DSCN4305-1-scaled.jpg","jetpack_sharing_enabled":true,"_links":{"self":[{"href":"http:\/\/watjidett.de\/index.php?rest_route=\/wp\/v2\/posts\/5146","targetHints":{"allow":["GET"]}}],"collection":[{"href":"http:\/\/watjidett.de\/index.php?rest_route=\/wp\/v2\/posts"}],"about":[{"href":"http:\/\/watjidett.de\/index.php?rest_route=\/wp\/v2\/types\/post"}],"author":[{"embeddable":true,"href":"http:\/\/watjidett.de\/index.php?rest_route=\/wp\/v2\/users\/1"}],"replies":[{"embeddable":true,"href":"http:\/\/watjidett.de\/index.php?rest_route=%2Fwp%2Fv2%2Fcomments&post=5146"}],"version-history":[{"count":1,"href":"http:\/\/watjidett.de\/index.php?rest_route=\/wp\/v2\/posts\/5146\/revisions"}],"predecessor-version":[{"id":5147,"href":"http:\/\/watjidett.de\/index.php?rest_route=\/wp\/v2\/posts\/5146\/revisions\/5147"}],"wp:featuredmedia":[{"embeddable":true,"href":"http:\/\/watjidett.de\/index.php?rest_route=\/wp\/v2\/media\/4890"}],"wp:attachment":[{"href":"http:\/\/watjidett.de\/index.php?rest_route=%2Fwp%2Fv2%2Fmedia&parent=5146"}],"wp:term":[{"taxonomy":"category","embeddable":true,"href":"http:\/\/watjidett.de\/index.php?rest_route=%2Fwp%2Fv2%2Fcategories&post=5146"},{"taxonomy":"post_tag","embeddable":true,"href":"http:\/\/watjidett.de\/index.php?rest_route=%2Fwp%2Fv2%2Ftags&post=5146"}],"curies":[{"name":"wp","href":"https:\/\/api.w.org\/{rel}","templated":true}]}}