{"id":2013,"date":"2019-03-30T00:11:46","date_gmt":"2019-03-30T00:11:46","guid":{"rendered":"http:\/\/watjidett.de\/?p=2013"},"modified":"2020-04-25T22:13:42","modified_gmt":"2020-04-25T22:13:42","slug":"stracciatella-parfait-mit-gewuerzorangen","status":"publish","type":"post","link":"http:\/\/watjidett.de\/?p=2013","title":{"rendered":"Stracciatella-Parfait mit Gew\u00fcrzorangen"},"content":{"rendered":"\r\n<p><em>\u00a0(Zutaten f\u00fcr 6 Personen)<\/em><\/p>\r\n\r\n\r\n\r\n<p><strong><em><strong>F\u00fcr das Parfait:<\/strong><\/em><\/strong><\/p>\r\n\r\n\r\n\r\n<ul class=\"wp-block-list\">\r\n<li><em>250ml Sahne<\/em><\/li>\r\n<li>3 Eiwei\u00df<\/li>\r\n<li>3 Eigelb<\/li>\r\n<li>30g Zucker<\/li>\r\n<li>100 g wei\u00dfe Schokolade oder Kuvert\u00fcre<\/li>\r\n<li>Mark von 1 Vanilleschote<\/li>\r\n<li>2EL dunkle Schokostreusel<\/li>\r\n<\/ul>\r\n\r\n\r\n\r\n<p><strong><em><strong>F\u00fcr die Gew\u00fcrzorangene:<\/strong><\/em><\/strong><\/p>\r\n\r\n\r\n\r\n<ul class=\"wp-block-list\">\r\n<li><em>8 Orangen<\/em><\/li>\r\n<li>100g Zucker<\/li>\r\n<li>100ml Wei\u00dfwein<\/li>\r\n<li>Zimt<\/li>\r\n<li>Nelke<\/li>\r\n<li>Sternanis<\/li>\r\n<li>100ml gepressteer Orangensaft<\/li>\r\n<li>10g St\u00e4rke<\/li>\r\n<li>Frische Minze<\/li>\r\n<li>Physalis<\/li>\r\n<\/ul>\r\n\r\n\r\n\r\n<p>Sahne und Eiwei\u00df getrennt voneinander steif schlagen. Eigelb mit Zucker cremig aufschlagen. Schokolade in St\u00fccke hacken, im Wasserbad schmelzen.<\/p>\r\n\r\n\r\n\r\n<p>Eigelbmasse mit Vanillemark unter die geschmolzene Schokolade heben. Sahne, steif geschlagenes Eiwei\u00df und Schokostreusel unterheben.<\/p>\r\n\r\n\r\n\r\n<p>6 F\u00f6rmchen mit Klarsichtfolie auslegen, die Schokomasse einf\u00fcllen, im Eisfach gefrieren lassen.<\/p>\r\n\r\n\r\n\r\n<p>Orangen sch\u00e4len, Filets herausschneiden, dabei den Saft auffangen. Den Zucker karamellisiern, mit Wei\u00dfwein abl\u00f6schen und etwas einkochen. Die Gew\u00fcrze zuf\u00fcgen. Orangensaft und ie mit 1EL Saft aufgel\u00f6ste St\u00e4rke unterr\u00fchren, aufkochen. Orangenfilets hinzugeben, die Sauce kalt stellen.<\/p>\r\n\r\n\r\n\r\n<p>Das Parfait aus den F\u00f6rmchen l\u00f6sen, leicht im K\u00fchlschrank antauen lassen, auf dem Orangensalat anrichten, jeweils mit Minze und Physalis dekorieren.<\/p>\r\n","protected":false},"excerpt":{"rendered":"<p>\u00a0(Zutaten f\u00fcr 6 Personen) F\u00fcr das Parfait: 250ml Sahne 3 Eiwei\u00df 3 Eigelb 30g Zucker&#8230;<\/p>\n","protected":false},"author":1,"featured_media":5660,"comment_status":"open","ping_status":"open","sticky":false,"template":"","format":"standard","meta":{"_jetpack_memberships_contains_paid_content":false,"footnotes":""},"categories":[15,127,129,62,13],"tags":[41,132,36],"class_list":["post-2013","post","type-post","status-publish","format-standard","has-post-thumbnail","hentry","category-dessert","category-fruehling","category-herbst","category-kochabend-16","category-rezepte","tag-eis","tag-fruchtig","tag-suess"],"jetpack_featured_media_url":"http:\/\/watjidett.de\/wp-content\/uploads\/2019\/03\/P1020509-1-scaled.jpg","jetpack_sharing_enabled":true,"_links":{"self":[{"href":"http:\/\/watjidett.de\/index.php?rest_route=\/wp\/v2\/posts\/2013","targetHints":{"allow":["GET"]}}],"collection":[{"href":"http:\/\/watjidett.de\/index.php?rest_route=\/wp\/v2\/posts"}],"about":[{"href":"http:\/\/watjidett.de\/index.php?rest_route=\/wp\/v2\/types\/post"}],"author":[{"embeddable":true,"href":"http:\/\/watjidett.de\/index.php?rest_route=\/wp\/v2\/users\/1"}],"replies":[{"embeddable":true,"href":"http:\/\/watjidett.de\/index.php?rest_route=%2Fwp%2Fv2%2Fcomments&post=2013"}],"version-history":[{"count":2,"href":"http:\/\/watjidett.de\/index.php?rest_route=\/wp\/v2\/posts\/2013\/revisions"}],"predecessor-version":[{"id":5661,"href":"http:\/\/watjidett.de\/index.php?rest_route=\/wp\/v2\/posts\/2013\/revisions\/5661"}],"wp:featuredmedia":[{"embeddable":true,"href":"http:\/\/watjidett.de\/index.php?rest_route=\/wp\/v2\/media\/5660"}],"wp:attachment":[{"href":"http:\/\/watjidett.de\/index.php?rest_route=%2Fwp%2Fv2%2Fmedia&parent=2013"}],"wp:term":[{"taxonomy":"category","embeddable":true,"href":"http:\/\/watjidett.de\/index.php?rest_route=%2Fwp%2Fv2%2Fcategories&post=2013"},{"taxonomy":"post_tag","embeddable":true,"href":"http:\/\/watjidett.de\/index.php?rest_route=%2Fwp%2Fv2%2Ftags&post=2013"}],"curies":[{"name":"wp","href":"https:\/\/api.w.org\/{rel}","templated":true}]}}