{"id":1328,"date":"2019-03-26T23:41:51","date_gmt":"2019-03-26T23:41:51","guid":{"rendered":"http:\/\/watjidett.de\/?p=1328"},"modified":"2020-04-26T19:26:20","modified_gmt":"2020-04-26T19:26:20","slug":"%ef%bb%bflotte-au-fenouil-seeteufel-in-fenchel","status":"publish","type":"post","link":"http:\/\/watjidett.de\/?p=1328","title":{"rendered":"\ufeffLotte au fenouil &#8211; Seeteufel in Fenchel"},"content":{"rendered":"\r\n<p>(f\u00fcr 4 Personen)<\/p>\r\n\r\n\r\n\r\n<p>4 kleinere Fenchelknollen<br \/>8 Zweige Thymian<br \/>1-2 EL Zitronensaft<br \/>3 TL Fenchelsamen<br \/>Salz, Pfeffer<br \/>4 Seeteufelkoteletts (je ca. 170 g)<br \/>4 EL Oliven\u00f6l<br \/>2 EL Pastis<br \/>2 EL schwarze Oliven<br \/><br \/>Den Fenchel putzen, das Fenchelgr\u00fcn abzupfen und beiseite legen. Den Fenchel waschen, l\u00e4ngs halbieren und ohne Strunk in knapp 1 cm dicke Scheiben schneiden.<\/p>\r\n\r\n\r\n\r\n<p>Den Thymian waschen und mit dem Zitronensaft und der H\u00e4lfte des Fenchelsamens in einen weiten Topf geben. Ca. 3 cm hoch Wasser angiessen und leicht salzen. Die Fl\u00fcssigkeit zum Kochen bringen.<\/p>\r\n\r\n\r\n\r\n<p>Die Fenchelscheiben einlegen und bei mittlerer Hitze zugedeckt ca. 3 Minuten garen. Mit dem Schauml\u00f6ffel herausheben und abtropfen lassen. Den Fenchelsud bei starker Hitze offen auf etwa die H\u00e4lfte einkochen lassen.<\/p>\r\n\r\n\r\n\r\n<p>Die Seeteufelkoteletts trockentupfen, falls n\u00f6tig, die Haut entfernen. Den Fisch mit Salz und Pfeffer w\u00fcrzen.Oliven\u00f6l in einer grossen Pfanne erhitzen. Fenchel darin leicht braun braten, zur Seite schieben. Die Seeteufelkotelettes je Seite ca. 1 1\/2 Minuten braten. Mit dem Fenchel auf einer vorgeheizten Platte anrichten.<\/p>\r\n\r\n\r\n\r\n<p>100 ml Fenchelsud in die Pfanne sch\u00fctten und den Bratensatz loskochen. Die \u00fcbrigen Fenchelsamen dazugeben, mit dem Pastis und den Oliven mischen. Die Sauce kr\u00e4ftig aufkochen lassen, mit Salz und Pfeffer w\u00fcrzen und \u00fcber Fisch und Fenchel verteilen. Mit Fenchelgr\u00fcn garniert servieren.<\/p>\r\n\r\n\r\n\r\n<p>Dazu servieren wir Baguette.<\/p>\r\n","protected":false},"excerpt":{"rendered":"<p>(f\u00fcr 4 Personen) 4 kleinere Fenchelknollen8 Zweige Thymian1-2 EL Zitronensaft3 TL FenchelsamenSalz, Pfeffer4 Seeteufelkoteletts (je&#8230;<\/p>\n","protected":false},"author":1,"featured_media":5747,"comment_status":"open","ping_status":"open","sticky":false,"template":"","format":"standard","meta":{"_jetpack_memberships_contains_paid_content":false,"footnotes":""},"categories":[127,16,129,48,13,128,17],"tags":[27,137],"class_list":["post-1328","post","type-post","status-publish","format-standard","has-post-thumbnail","hentry","category-fruehling","category-hauptgericht","category-herbst","category-kochabend-10","category-rezepte","category-sommer","category-zwischengang","tag-fisch","tag-franzoesisch"],"jetpack_featured_media_url":"http:\/\/watjidett.de\/wp-content\/uploads\/2019\/03\/KIF_3712-1.jpg","jetpack_sharing_enabled":true,"_links":{"self":[{"href":"http:\/\/watjidett.de\/index.php?rest_route=\/wp\/v2\/posts\/1328","targetHints":{"allow":["GET"]}}],"collection":[{"href":"http:\/\/watjidett.de\/index.php?rest_route=\/wp\/v2\/posts"}],"about":[{"href":"http:\/\/watjidett.de\/index.php?rest_route=\/wp\/v2\/types\/post"}],"author":[{"embeddable":true,"href":"http:\/\/watjidett.de\/index.php?rest_route=\/wp\/v2\/users\/1"}],"replies":[{"embeddable":true,"href":"http:\/\/watjidett.de\/index.php?rest_route=%2Fwp%2Fv2%2Fcomments&post=1328"}],"version-history":[{"count":2,"href":"http:\/\/watjidett.de\/index.php?rest_route=\/wp\/v2\/posts\/1328\/revisions"}],"predecessor-version":[{"id":5748,"href":"http:\/\/watjidett.de\/index.php?rest_route=\/wp\/v2\/posts\/1328\/revisions\/5748"}],"wp:featuredmedia":[{"embeddable":true,"href":"http:\/\/watjidett.de\/index.php?rest_route=\/wp\/v2\/media\/5747"}],"wp:attachment":[{"href":"http:\/\/watjidett.de\/index.php?rest_route=%2Fwp%2Fv2%2Fmedia&parent=1328"}],"wp:term":[{"taxonomy":"category","embeddable":true,"href":"http:\/\/watjidett.de\/index.php?rest_route=%2Fwp%2Fv2%2Fcategories&post=1328"},{"taxonomy":"post_tag","embeddable":true,"href":"http:\/\/watjidett.de\/index.php?rest_route=%2Fwp%2Fv2%2Ftags&post=1328"}],"curies":[{"name":"wp","href":"https:\/\/api.w.org\/{rel}","templated":true}]}}