{"id":1322,"date":"2019-03-26T23:35:06","date_gmt":"2019-03-26T23:35:06","guid":{"rendered":"http:\/\/watjidett.de\/?p=1322"},"modified":"2020-04-26T19:02:58","modified_gmt":"2020-04-26T19:02:58","slug":"apfelstrudel-mit-vanilleeis","status":"publish","type":"post","link":"http:\/\/watjidett.de\/?p=1322","title":{"rendered":"Apfelstrudel mit Vanilleeis"},"content":{"rendered":"\r\n<p>f\u00fcr 6 Personen<\/p>\r\n\r\n\r\n\r\n<p>300 g Weizenvollkornmehl<br \/>\u00bd Tl Salz<br \/>4EL kaltgepresstes Sonnenblumen\u00f6l<br \/>125 ml handwarmes Wasser<br \/>1,5 kg s\u00e4uerliche \u00c4pfel<br \/>60g Rosinen<br \/>60 g Honig<br \/>1 El Rum<br \/>1 El Zimt<br \/>30 g Butter<\/p>\r\n\r\n\r\n\r\n<p>Rosinen, Honig und Rum mischen und einige Stunden ziehen lassen.<\/p>\r\n\r\n\r\n\r\n<p>Mehl und Salz mischen, \u00d6l und Wasser dazugie\u00dfen und zu einem glatten Teig verarbeiten. Den Teig gut durchkneten und luftdicht abgedeckt bei Zimmertemperatur eine halbe Stunde ruhen lassen.<\/p>\r\n\r\n\r\n\r\n<p>\u00c4pfel sch\u00e4len und entkernen und klein schneiden. Rosinen-Honig-Mischung und mit \u00c4pfeln und Zimt vermischen.<\/p>\r\n\r\n\r\n\r\n<p>Teig auf einem bemehlten K\u00fcchentuch\u00a0 d\u00fcnn ausrollen. Die Butter zerlassen. Den ausgerollten Teig mit zwei Drittel der fl\u00fcssigen Masse bestreichen.<\/p>\r\n\r\n\r\n\r\n<p>Apfelgemisch darauf verteilen und dabei ringsherum etwas Rand freilassen. Die seitlichen R\u00e4nder einschlagen und den Teig mit K\u00fcchentuch zu einem Strudel aufrollen.<\/p>\r\n\r\n\r\n\r\n<p>Den Strudel vorsichtig vom Geschirrtuch auf ein gefettetes Blech rollen und mit der restlichen Butter bestreichen. Im kalten Ofen auf 200 Grad 40 Minuten backen.<\/p>\r\n\r\n\r\n\r\n<p>Mit Vanilleeis hei\u00df servieren.<\/p>\r\n","protected":false},"excerpt":{"rendered":"<p>f\u00fcr 6 Personen 300 g Weizenvollkornmehl\u00bd Tl Salz4EL kaltgepresstes Sonnenblumen\u00f6l125 ml handwarmes Wasser1,5 kg s\u00e4uerliche&#8230;<\/p>\n","protected":false},"author":1,"featured_media":5730,"comment_status":"open","ping_status":"open","sticky":false,"template":"","format":"standard","meta":{"_jetpack_memberships_contains_paid_content":false,"footnotes":""},"categories":[15,127,129,47,13,126],"tags":[41,70,36,35],"class_list":["post-1322","post","type-post","status-publish","format-standard","has-post-thumbnail","hentry","category-dessert","category-fruehling","category-herbst","category-kochabend-9","category-rezepte","category-winter","tag-eis","tag-gebaeck","tag-suess","tag-vollmundig"],"jetpack_featured_media_url":"http:\/\/watjidett.de\/wp-content\/uploads\/2019\/03\/PICT1657-1.jpg","jetpack_sharing_enabled":true,"_links":{"self":[{"href":"http:\/\/watjidett.de\/index.php?rest_route=\/wp\/v2\/posts\/1322","targetHints":{"allow":["GET"]}}],"collection":[{"href":"http:\/\/watjidett.de\/index.php?rest_route=\/wp\/v2\/posts"}],"about":[{"href":"http:\/\/watjidett.de\/index.php?rest_route=\/wp\/v2\/types\/post"}],"author":[{"embeddable":true,"href":"http:\/\/watjidett.de\/index.php?rest_route=\/wp\/v2\/users\/1"}],"replies":[{"embeddable":true,"href":"http:\/\/watjidett.de\/index.php?rest_route=%2Fwp%2Fv2%2Fcomments&post=1322"}],"version-history":[{"count":3,"href":"http:\/\/watjidett.de\/index.php?rest_route=\/wp\/v2\/posts\/1322\/revisions"}],"predecessor-version":[{"id":5731,"href":"http:\/\/watjidett.de\/index.php?rest_route=\/wp\/v2\/posts\/1322\/revisions\/5731"}],"wp:featuredmedia":[{"embeddable":true,"href":"http:\/\/watjidett.de\/index.php?rest_route=\/wp\/v2\/media\/5730"}],"wp:attachment":[{"href":"http:\/\/watjidett.de\/index.php?rest_route=%2Fwp%2Fv2%2Fmedia&parent=1322"}],"wp:term":[{"taxonomy":"category","embeddable":true,"href":"http:\/\/watjidett.de\/index.php?rest_route=%2Fwp%2Fv2%2Fcategories&post=1322"},{"taxonomy":"post_tag","embeddable":true,"href":"http:\/\/watjidett.de\/index.php?rest_route=%2Fwp%2Fv2%2Ftags&post=1322"}],"curies":[{"name":"wp","href":"https:\/\/api.w.org\/{rel}","templated":true}]}}