{"id":1302,"date":"2019-03-26T23:10:25","date_gmt":"2019-03-26T23:10:25","guid":{"rendered":"http:\/\/watjidett.de\/?p=1302"},"modified":"2020-04-28T22:16:05","modified_gmt":"2020-04-28T22:16:05","slug":"%ef%bb%bfzaletti-mit-orangencreme","status":"publish","type":"post","link":"http:\/\/watjidett.de\/?p=1302","title":{"rendered":"\ufeffZaletti mit Orangencreme"},"content":{"rendered":"\r\n<p>f\u00fcr 6 Personen<\/p>\r\n\r\n\r\n\r\n<p>1 L Milch<br \/>350 gr. grobes Maismehl<br \/>1 Stange Vanille<br \/>250 gr. Zucker<br \/>100 gr. Butter<br \/>6 Eier<br \/>250 gr. kleine Rosinen<br \/>100 gr. Pinienkerne<br \/>abgeriebene Schale einer Orange und einer Zitrone<br \/>Puderzucker<\/p>\r\n\r\n\r\n\r\n<p>f\u00fcr die Konditorcreme<br \/>0,5 L Milch<br \/>2 Eigelb<br \/>40 gr. Mehl<br \/>40 gr. Zucker<br \/>Vanillezucker<\/p>\r\n\r\n\r\n\r\n<p>Rosinen in warmen Wasser einweichen. Vanille aufschneiden und in Milch aufkochen. Maismehl nach und nach mit dem Schneebesen einr\u00fchren. 15 Minuten k\u00f6cheln lassen, Vanilleschote entfernen.<\/p>\r\n\r\n\r\n\r\n<p>Zimmerwarme Butter und Zucker in einer Sch\u00fcssel glatt r\u00fchren. Mit dem Teig vermengen und 1 Stunde kalt stellen. Konditorcreme herstellen aus \u00bd L Milch, 2 Eigelb, 40 gr. Zucker, 40 gr. Mehl und etwas Vanillezucker. Eigelb und Zucker schaumig schlagen, Mehl unterr\u00fchren. Hei\u00dfe Milch mit Vanillezucker langsam dazugie\u00dfen. Alles auf dem Herd unter st\u00e4ndigem Schlagen zu einer dicklichen Creme einkochen lassen.<\/p>\r\n\r\n\r\n\r\n<p>In den Teig nacheinander 6 Eier einarbeiten, die lauwarme Konditorcreme ebenfalls hinein, dann die ausgedr\u00fcckten Rosinen, die Orangen und Zitronenschale sowie die Pinienkerne.<\/p>\r\n\r\n\r\n\r\n<p>Von der fertigen Masse kleine Haufen auf ein gebuttertes Backblech legen. 20 Minuten bei 170 Grad in der Ofenmitte backen. Herausnehmen und auf einer Platte mit Puderzucker bestreuen.<\/p>\r\n\r\n\r\n\r\n<p><strong>Die Orangencreme<\/strong><\/p>\r\n\r\n\r\n\r\n<p>\u00bd Liter frisch gepresster Orangensaft<br \/>4-6 cl Orangenlik\u00f6r<br \/>1 Pk. Vanillezucker<br \/>40 gr. Zucker<br \/>40 gr. Mehl<br \/>2 Eigelb<br \/>Sahne<\/p>\r\n\r\n\r\n\r\n<p>Eier und Zucker schaumig schlagen, Mehl untermischen. Im Wasserbad den O-Saft mit dem Vanillezucker dazugeben, zu dicklicher Creme einkochen. Unter gelegentlichem R\u00fchren abk\u00fchlen, nach Bedarf geschlagene Sahne unterheben. 1-2 Tage im K\u00fchlschrank durchziehen lassen.<\/p>\r\n\r\n\r\n\r\n<p><strong>Dazu einen S\u00fc\u00dfwein. Hmmm\u2026.<\/strong><\/p>\r\n","protected":false},"excerpt":{"rendered":"<p>f\u00fcr 6 Personen 1 L Milch350 gr. grobes Maismehl1 Stange Vanille250 gr. Zucker100 gr. Butter6&#8230;<\/p>\n","protected":false},"author":1,"featured_media":5715,"comment_status":"open","ping_status":"open","sticky":false,"template":"","format":"standard","meta":{"_jetpack_memberships_contains_paid_content":false,"footnotes":""},"categories":[15,45,13],"tags":[142,132,70,36],"class_list":["post-1302","post","type-post","status-publish","format-standard","has-post-thumbnail","hentry","category-dessert","category-kochabend-7","category-rezepte","tag-creme","tag-fruchtig","tag-gebaeck","tag-suess"],"jetpack_featured_media_url":"http:\/\/watjidett.de\/wp-content\/uploads\/2019\/03\/KIF_3065-1.jpg","jetpack_sharing_enabled":true,"_links":{"self":[{"href":"http:\/\/watjidett.de\/index.php?rest_route=\/wp\/v2\/posts\/1302","targetHints":{"allow":["GET"]}}],"collection":[{"href":"http:\/\/watjidett.de\/index.php?rest_route=\/wp\/v2\/posts"}],"about":[{"href":"http:\/\/watjidett.de\/index.php?rest_route=\/wp\/v2\/types\/post"}],"author":[{"embeddable":true,"href":"http:\/\/watjidett.de\/index.php?rest_route=\/wp\/v2\/users\/1"}],"replies":[{"embeddable":true,"href":"http:\/\/watjidett.de\/index.php?rest_route=%2Fwp%2Fv2%2Fcomments&post=1302"}],"version-history":[{"count":3,"href":"http:\/\/watjidett.de\/index.php?rest_route=\/wp\/v2\/posts\/1302\/revisions"}],"predecessor-version":[{"id":5716,"href":"http:\/\/watjidett.de\/index.php?rest_route=\/wp\/v2\/posts\/1302\/revisions\/5716"}],"wp:featuredmedia":[{"embeddable":true,"href":"http:\/\/watjidett.de\/index.php?rest_route=\/wp\/v2\/media\/5715"}],"wp:attachment":[{"href":"http:\/\/watjidett.de\/index.php?rest_route=%2Fwp%2Fv2%2Fmedia&parent=1302"}],"wp:term":[{"taxonomy":"category","embeddable":true,"href":"http:\/\/watjidett.de\/index.php?rest_route=%2Fwp%2Fv2%2Fcategories&post=1302"},{"taxonomy":"post_tag","embeddable":true,"href":"http:\/\/watjidett.de\/index.php?rest_route=%2Fwp%2Fv2%2Ftags&post=1302"}],"curies":[{"name":"wp","href":"https:\/\/api.w.org\/{rel}","templated":true}]}}